{"id":949,"date":"2026-04-27T14:21:30","date_gmt":"2026-04-27T12:21:30","guid":{"rendered":"https:\/\/musikverein-istein.de\/?p=949"},"modified":"2026-04-27T14:21:53","modified_gmt":"2026-04-27T12:21:53","slug":"und-schon-wieder-vorbei","status":"publish","type":"post","link":"https:\/\/musikverein-istein.de\/?p=949","title":{"rendered":"Und schon wieder vorbei&#8230;."},"content":{"rendered":"\n<p>Das Jahreskonzert war f\u00fcr uns ein wirklich toller Abend. Vielen Dank f\u00fcr den zahlreichen Besuch an unserem Konzert und danke f\u00fcr den tollen Applaus. Es war uns eine Freude!<\/p>\n\n\n\n<p>Das schreib die Badische Zeitung<\/p>\n\n\n\n<figure class=\"wp-block-image size-large\"><img loading=\"lazy\" decoding=\"async\" width=\"707\" height=\"1024\" src=\"https:\/\/musikverein-istein.de\/wp-content\/uploads\/2026\/04\/BZ-Jako-2026-707x1024.jpeg\" alt=\"\" class=\"wp-image-950\" srcset=\"https:\/\/musikverein-istein.de\/wp-content\/uploads\/2026\/04\/BZ-Jako-2026-707x1024.jpeg 707w, https:\/\/musikverein-istein.de\/wp-content\/uploads\/2026\/04\/BZ-Jako-2026-207x300.jpeg 207w, https:\/\/musikverein-istein.de\/wp-content\/uploads\/2026\/04\/BZ-Jako-2026-768x1113.jpeg 768w, https:\/\/musikverein-istein.de\/wp-content\/uploads\/2026\/04\/BZ-Jako-2026-1060x1536.jpeg 1060w, https:\/\/musikverein-istein.de\/wp-content\/uploads\/2026\/04\/BZ-Jako-2026.jpeg 1104w\" sizes=\"auto, (max-width: 707px) 100vw, 707px\" \/><\/figure>\n","protected":false},"excerpt":{"rendered":"<p>Das Jahreskonzert war f\u00fcr uns ein wirklich toller Abend. Vielen Dank f\u00fcr den zahlreichen Besuch an unserem Konzert und danke f\u00fcr den tollen Applaus. Es war uns eine Freude! Das schreib die Badische Zeitung<\/p>\n","protected":false},"author":1,"featured_media":0,"comment_status":"open","ping_status":"open","sticky":false,"template":"","format":"standard","meta":{"footnotes":""},"categories":[1],"tags":[],"class_list":["post-949","post","type-post","status-publish","format-standard","hentry","category-uncategorized"],"_links":{"self":[{"href":"https:\/\/musikverein-istein.de\/index.php?rest_route=\/wp\/v2\/posts\/949","targetHints":{"allow":["GET"]}}],"collection":[{"href":"https:\/\/musikverein-istein.de\/index.php?rest_route=\/wp\/v2\/posts"}],"about":[{"href":"https:\/\/musikverein-istein.de\/index.php?rest_route=\/wp\/v2\/types\/post"}],"author":[{"embeddable":true,"href":"https:\/\/musikverein-istein.de\/index.php?rest_route=\/wp\/v2\/users\/1"}],"replies":[{"embeddable":true,"href":"https:\/\/musikverein-istein.de\/index.php?rest_route=%2Fwp%2Fv2%2Fcomments&post=949"}],"version-history":[{"count":2,"href":"https:\/\/musikverein-istein.de\/index.php?rest_route=\/wp\/v2\/posts\/949\/revisions"}],"predecessor-version":[{"id":952,"href":"https:\/\/musikverein-istein.de\/index.php?rest_route=\/wp\/v2\/posts\/949\/revisions\/952"}],"wp:attachment":[{"href":"https:\/\/musikverein-istein.de\/index.php?rest_route=%2Fwp%2Fv2%2Fmedia&parent=949"}],"wp:term":[{"taxonomy":"category","embeddable":true,"href":"https:\/\/musikverein-istein.de\/index.php?rest_route=%2Fwp%2Fv2%2Fcategories&post=949"},{"taxonomy":"post_tag","embeddable":true,"href":"https:\/\/musikverein-istein.de\/index.php?rest_route=%2Fwp%2Fv2%2Ftags&post=949"}],"curies":[{"name":"wp","href":"https:\/\/api.w.org\/{rel}","templated":true}]}}