{"id":781,"date":"2023-03-08T12:02:23","date_gmt":"2023-03-08T11:02:23","guid":{"rendered":"https:\/\/musikverein-istein.de\/?p=781"},"modified":"2023-03-08T12:02:23","modified_gmt":"2023-03-08T11:02:23","slug":"blaeserklasse-fuer-erwachsene","status":"publish","type":"post","link":"https:\/\/musikverein-istein.de\/?p=781","title":{"rendered":"Bl\u00e4serklasse f\u00fcr Erwachsene"},"content":{"rendered":"\n<p>Gestern startete unser neues Projekt: die Bl\u00e4serklasse f\u00fcr Erwachsene. <br>Insgesamt waren 9 Teilnehmer in der ersten Kennenlern- und Schnupperprobe. <\/p>\n\n\n\n<p>Die Bl\u00e4serklasse f\u00fcr Erwachsene ist der ideal Einstieg f\u00fcr Neulinge und eine gute Gelegenheit f\u00fcr alle diejenigen die schon l\u00e4nger nicht mehr spielen, wieder anzufangen. <br>Hier kann man mit gleichgesinnten zusammen spielen, sich gegenseitig motivieren und Freude am musizieren haben. Proben finden jeden Dienstag von 19.00 &#8211; 19.45 Uhr im Probelokal des MV Istein (Eingang durch den Feuerwehrhof) statt.<br>Die Teilnahme ist jederzeit m\u00f6glich!<\/p>\n\n\n\n<p>https:\/\/www.badische-zeitung.de\/eine-blaeserklasse-mal-fuer-erwachsene  <\/p>\n\n\n\n<figure class=\"wp-block-image size-large\"><img loading=\"lazy\" decoding=\"async\" width=\"1024\" height=\"623\" src=\"https:\/\/musikverein-istein.de\/wp-content\/uploads\/2023\/03\/kiko-2022-1024x623.jpg\" alt=\"\" class=\"wp-image-782\" srcset=\"https:\/\/musikverein-istein.de\/wp-content\/uploads\/2023\/03\/kiko-2022-1024x623.jpg 1024w, https:\/\/musikverein-istein.de\/wp-content\/uploads\/2023\/03\/kiko-2022-300x183.jpg 300w, https:\/\/musikverein-istein.de\/wp-content\/uploads\/2023\/03\/kiko-2022-768x467.jpg 768w, https:\/\/musikverein-istein.de\/wp-content\/uploads\/2023\/03\/kiko-2022-493x300.jpg 493w, https:\/\/musikverein-istein.de\/wp-content\/uploads\/2023\/03\/kiko-2022.jpg 1183w\" sizes=\"auto, (max-width: 1024px) 100vw, 1024px\" \/><\/figure>\n","protected":false},"excerpt":{"rendered":"<p>Gestern startete unser neues Projekt: die Bl\u00e4serklasse f\u00fcr Erwachsene. Insgesamt waren 9 Teilnehmer in der ersten Kennenlern- und Schnupperprobe. Die Bl\u00e4serklasse f\u00fcr Erwachsene ist der ideal Einstieg f\u00fcr Neulinge und eine gute Gelegenheit f\u00fcr alle diejenigen die schon l\u00e4nger nicht &hellip; <a href=\"https:\/\/musikverein-istein.de\/?p=781\">Weiterlesen <span class=\"meta-nav\">&rarr;<\/span><\/a><\/p>\n","protected":false},"author":1,"featured_media":0,"comment_status":"open","ping_status":"open","sticky":false,"template":"","format":"standard","meta":{"footnotes":""},"categories":[1],"tags":[],"class_list":["post-781","post","type-post","status-publish","format-standard","hentry","category-uncategorized"],"_links":{"self":[{"href":"https:\/\/musikverein-istein.de\/index.php?rest_route=\/wp\/v2\/posts\/781","targetHints":{"allow":["GET"]}}],"collection":[{"href":"https:\/\/musikverein-istein.de\/index.php?rest_route=\/wp\/v2\/posts"}],"about":[{"href":"https:\/\/musikverein-istein.de\/index.php?rest_route=\/wp\/v2\/types\/post"}],"author":[{"embeddable":true,"href":"https:\/\/musikverein-istein.de\/index.php?rest_route=\/wp\/v2\/users\/1"}],"replies":[{"embeddable":true,"href":"https:\/\/musikverein-istein.de\/index.php?rest_route=%2Fwp%2Fv2%2Fcomments&post=781"}],"version-history":[{"count":1,"href":"https:\/\/musikverein-istein.de\/index.php?rest_route=\/wp\/v2\/posts\/781\/revisions"}],"predecessor-version":[{"id":783,"href":"https:\/\/musikverein-istein.de\/index.php?rest_route=\/wp\/v2\/posts\/781\/revisions\/783"}],"wp:attachment":[{"href":"https:\/\/musikverein-istein.de\/index.php?rest_route=%2Fwp%2Fv2%2Fmedia&parent=781"}],"wp:term":[{"taxonomy":"category","embeddable":true,"href":"https:\/\/musikverein-istein.de\/index.php?rest_route=%2Fwp%2Fv2%2Fcategories&post=781"},{"taxonomy":"post_tag","embeddable":true,"href":"https:\/\/musikverein-istein.de\/index.php?rest_route=%2Fwp%2Fv2%2Ftags&post=781"}],"curies":[{"name":"wp","href":"https:\/\/api.w.org\/{rel}","templated":true}]}}