{"id":367,"date":"2019-02-22T11:12:47","date_gmt":"2019-02-22T10:12:47","guid":{"rendered":"http:\/\/musikverein-istein.de\/?p=367"},"modified":"2019-02-22T11:12:47","modified_gmt":"2019-02-22T10:12:47","slug":"zunftabend-vorbei-jahreskonzert-savethedate","status":"publish","type":"post","link":"https:\/\/musikverein-istein.de\/?p=367","title":{"rendered":"Zunftabend vorbei \/ Jahreskonzert #savethedate"},"content":{"rendered":"\n<figure class=\"wp-block-image\"><img loading=\"lazy\" decoding=\"async\" width=\"1024\" height=\"768\" src=\"http:\/\/musikverein-istein.de\/wp-content\/uploads\/2019\/02\/zunftabend2019-1024x768.jpg\" alt=\"\" class=\"wp-image-366\" srcset=\"https:\/\/musikverein-istein.de\/wp-content\/uploads\/2019\/02\/zunftabend2019-1024x768.jpg 1024w, https:\/\/musikverein-istein.de\/wp-content\/uploads\/2019\/02\/zunftabend2019-300x225.jpg 300w, https:\/\/musikverein-istein.de\/wp-content\/uploads\/2019\/02\/zunftabend2019-768x576.jpg 768w, https:\/\/musikverein-istein.de\/wp-content\/uploads\/2019\/02\/zunftabend2019-400x300.jpg 400w, https:\/\/musikverein-istein.de\/wp-content\/uploads\/2019\/02\/zunftabend2019.jpg 1440w\" sizes=\"auto, (max-width: 1024px) 100vw, 1024px\" \/><figcaption>Am Zunftabend unserer Narrenzunft Isteiner Dr\u00fcbel 2019<\/figcaption><\/figure>\n\n\n\n<p>Der Zunftabend ist vorbei. Wir waren auch in diesem wieder gerne mit von der Partie und freuen uns aufs n\u00e4chste Jahr. F\u00fcr den Abend holten wir extra unsere sch\u00f6nsten Kleider raus. #h\u00fcbschundsexy \ud83d\ude42 <\/p>\n\n\n\n<p>Doch nun haben die Proben bereits begonnen f\u00fcrs bevorstehende Jahreskonzert. <br>#savethedate #Jahreskonzert #13.04.2019<\/p>\n\n\n\n<p><\/p>\n","protected":false},"excerpt":{"rendered":"<p>Der Zunftabend ist vorbei. Wir waren auch in diesem wieder gerne mit von der Partie und freuen uns aufs n\u00e4chste Jahr. F\u00fcr den Abend holten wir extra unsere sch\u00f6nsten Kleider raus. #h\u00fcbschundsexy \ud83d\ude42 Doch nun haben die Proben bereits begonnen &hellip; <a href=\"https:\/\/musikverein-istein.de\/?p=367\">Weiterlesen <span class=\"meta-nav\">&rarr;<\/span><\/a><\/p>\n","protected":false},"author":1,"featured_media":0,"comment_status":"open","ping_status":"open","sticky":false,"template":"","format":"standard","meta":{"footnotes":""},"categories":[1],"tags":[],"class_list":["post-367","post","type-post","status-publish","format-standard","hentry","category-uncategorized"],"_links":{"self":[{"href":"https:\/\/musikverein-istein.de\/index.php?rest_route=\/wp\/v2\/posts\/367","targetHints":{"allow":["GET"]}}],"collection":[{"href":"https:\/\/musikverein-istein.de\/index.php?rest_route=\/wp\/v2\/posts"}],"about":[{"href":"https:\/\/musikverein-istein.de\/index.php?rest_route=\/wp\/v2\/types\/post"}],"author":[{"embeddable":true,"href":"https:\/\/musikverein-istein.de\/index.php?rest_route=\/wp\/v2\/users\/1"}],"replies":[{"embeddable":true,"href":"https:\/\/musikverein-istein.de\/index.php?rest_route=%2Fwp%2Fv2%2Fcomments&post=367"}],"version-history":[{"count":1,"href":"https:\/\/musikverein-istein.de\/index.php?rest_route=\/wp\/v2\/posts\/367\/revisions"}],"predecessor-version":[{"id":368,"href":"https:\/\/musikverein-istein.de\/index.php?rest_route=\/wp\/v2\/posts\/367\/revisions\/368"}],"wp:attachment":[{"href":"https:\/\/musikverein-istein.de\/index.php?rest_route=%2Fwp%2Fv2%2Fmedia&parent=367"}],"wp:term":[{"taxonomy":"category","embeddable":true,"href":"https:\/\/musikverein-istein.de\/index.php?rest_route=%2Fwp%2Fv2%2Fcategories&post=367"},{"taxonomy":"post_tag","embeddable":true,"href":"https:\/\/musikverein-istein.de\/index.php?rest_route=%2Fwp%2Fv2%2Ftags&post=367"}],"curies":[{"name":"wp","href":"https:\/\/api.w.org\/{rel}","templated":true}]}}